{"id":15148,"date":"2024-10-17T17:50:01","date_gmt":"2024-10-17T20:50:01","guid":{"rendered":"https:\/\/hablemosclarotdf.com.ar\/?p=15148"},"modified":"2024-10-17T17:50:01","modified_gmt":"2024-10-17T20:50:01","slug":"ushuaia-pequenos-pasos-y-la-municipalidad-invitan-a-una-charla-controles-auditivos-y-consultas-pediatricas-gratuitas","status":"publish","type":"post","link":"https:\/\/hablemosclarotdf.com.ar\/?p=15148","title":{"rendered":"USHUAIA : PEQUE\u00d1OS PASOS Y LA MUNICIPALIDAD  INVITAN A UNA CHARLA, CONTROLES AUDITIVOS Y CONSULTAS PEDI\u00c1TRICAS GRATUITAS"},"content":{"rendered":"<p>La Municipalidad de Ushuaia invita a los vecinos y vecinas a participar de los controles auditivos, consultas pedi\u00e1tricas y una charla sobre \u201ccomo influyen las dificultades auditivas en el desarrollo del lenguaje\u201d a cargo de la fonoaudi\u00f3loga, Cristina Sordo. Estas jornadas son organizadas de manera gratuita por la Fundaci\u00f3n Peque\u00f1os Pasos con inscripci\u00f3n previa para la realizaci\u00f3n de controles.<br \/>\nLa profesional indic\u00f3 que \u201ca partir de los cuatro a\u00f1os de edad, es muy importante que los ni\u00f1os tengan un control de audici\u00f3n cada a\u00f1o, dado que las dificultades auditivas, aunque sean simples como un tap\u00f3n de cera, tienen mucha influencia en el desarrollo del lenguaje y en el aprendizaje de la lecto-escritura\u201d.<br \/>\nLos encuentros tendr\u00e1n lugar en el Cepla El Palomar, ubicado en Pablo Imboden 1140, el martes 22 de octubre a las 10 hs, ser\u00e1 la charla dirigida a las familias y p\u00fablico en general, para abordar las dificultades auditivas en el desarrollo del lenguaje.<br \/>\nMientras que el mi\u00e9rcoles 23 de octubre, Cristina Sordo llevar\u00e1 adelante los controles auditivos en el horario de 10 a 14 horas, donde los turnos deben ser solicitados a trav\u00e9s del formulario digital: https:\/\/acortar.link\/WyH0hd .<\/p>\n<p>Google Docs (https:\/\/acortar.link\/WyH0hd)<br \/>\nPEQUE\u00d1OS PASOS 2024 CUIDEMOS LA AUDICI\u00d3N DE NUESTROS HIJOS!<br \/>\nHola!<br \/>\nMi nombre es Cristina Sordo, soy fonoaudi\u00f3loga y cada a\u00f1o desde hace casi 30 a\u00f1os les acerco a los padres la propuesta de controlar la audici\u00f3n de sus hijos.<\/p>\n<p>Quiero recordarles que a partir de los 4 a\u00f1os es muy importante hacer cada a\u00f1o un control de la audici\u00f3n a los ni\u00f1os.<br \/>\nLas dificultades auditivas, aunque sean simples como un tap\u00f3n de cera, tienen mucha influencia en el desarrollo del lenguaje y en el aprendizaje de la lecto-escritura.<br \/>\nUn ni\u00f1o que no escucha bien, seguramente hablar\u00e1 con dificultad y probablemente repetir\u00e1 esos errores en la escritura.<\/p>\n<p>RECUERDEN QUE ES MUY POCO PROBABLE QUE UN NI\u00d1O NOS AVISE QUE NO ESCUCHA BIEN PORQUE NO SE DAR\u00c1 CUENTA DE LA DIFICULTAD.<\/p>\n<p>Con mucho gusto los visitar\u00e9 en la Sede de Peque\u00f1os Pasos el d\u00eda MARTES 22 DE OCTUBRE para una charla de 10 a 12 y luego el M\u00cdERCOLES 23 DE 10 A 14HS para hacer un control auditivo a los ni\u00f1os\/as que sean autorizados por sus padres.<\/p>\n<p>No ser\u00e1 necesaria la presencia de los padres.<\/p>\n<p>El RESULTADO del control auditivo lo voy a enviar<\/p>\n<p>&nbsp;<\/p>\n<p><img loading=\"lazy\" decoding=\"async\" class=\"alignnone size-medium wp-image-15150\" src=\"https:\/\/hablemosclarotdf.com.ar\/wp-content\/uploads\/2024\/10\/photo_2024-10-17_17-48-34-240x300.jpg\" alt=\"\" width=\"240\" height=\"300\" srcset=\"https:\/\/hablemosclarotdf.com.ar\/wp-content\/uploads\/2024\/10\/photo_2024-10-17_17-48-34-240x300.jpg 240w, https:\/\/hablemosclarotdf.com.ar\/wp-content\/uploads\/2024\/10\/photo_2024-10-17_17-48-34-819x1024.jpg 819w, https:\/\/hablemosclarotdf.com.ar\/wp-content\/uploads\/2024\/10\/photo_2024-10-17_17-48-34-768x960.jpg 768w, https:\/\/hablemosclarotdf.com.ar\/wp-content\/uploads\/2024\/10\/photo_2024-10-17_17-48-34.jpg 1024w\" sizes=\"auto, (max-width: 240px) 100vw, 240px\" \/>\u2026<\/p>\n","protected":false},"excerpt":{"rendered":"<p>La Municipalidad de Ushuaia invita a los vecinos y vecinas a participar de los controles&#8230;<\/p>\n","protected":false},"author":1,"featured_media":15149,"comment_status":"closed","ping_status":"closed","sticky":false,"template":"","format":"standard","meta":{"footnotes":""},"categories":[3],"tags":[],"class_list":["post-15148","post","type-post","status-publish","format-standard","has-post-thumbnail","hentry","category-noticias"],"jetpack_featured_media_url":"https:\/\/hablemosclarotdf.com.ar\/wp-content\/uploads\/2024\/10\/photo_2024-10-17_17-48-27.jpg","_links":{"self":[{"href":"https:\/\/hablemosclarotdf.com.ar\/index.php?rest_route=\/wp\/v2\/posts\/15148","targetHints":{"allow":["GET"]}}],"collection":[{"href":"https:\/\/hablemosclarotdf.com.ar\/index.php?rest_route=\/wp\/v2\/posts"}],"about":[{"href":"https:\/\/hablemosclarotdf.com.ar\/index.php?rest_route=\/wp\/v2\/types\/post"}],"author":[{"embeddable":true,"href":"https:\/\/hablemosclarotdf.com.ar\/index.php?rest_route=\/wp\/v2\/users\/1"}],"replies":[{"embeddable":true,"href":"https:\/\/hablemosclarotdf.com.ar\/index.php?rest_route=%2Fwp%2Fv2%2Fcomments&post=15148"}],"version-history":[{"count":1,"href":"https:\/\/hablemosclarotdf.com.ar\/index.php?rest_route=\/wp\/v2\/posts\/15148\/revisions"}],"predecessor-version":[{"id":15151,"href":"https:\/\/hablemosclarotdf.com.ar\/index.php?rest_route=\/wp\/v2\/posts\/15148\/revisions\/15151"}],"wp:featuredmedia":[{"embeddable":true,"href":"https:\/\/hablemosclarotdf.com.ar\/index.php?rest_route=\/wp\/v2\/media\/15149"}],"wp:attachment":[{"href":"https:\/\/hablemosclarotdf.com.ar\/index.php?rest_route=%2Fwp%2Fv2%2Fmedia&parent=15148"}],"wp:term":[{"taxonomy":"category","embeddable":true,"href":"https:\/\/hablemosclarotdf.com.ar\/index.php?rest_route=%2Fwp%2Fv2%2Fcategories&post=15148"},{"taxonomy":"post_tag","embeddable":true,"href":"https:\/\/hablemosclarotdf.com.ar\/index.php?rest_route=%2Fwp%2Fv2%2Ftags&post=15148"}],"curies":[{"name":"wp","href":"https:\/\/api.w.org\/{rel}","templated":true}]}}