{"id":15144,"date":"2024-10-17T15:55:10","date_gmt":"2024-10-17T18:55:10","guid":{"rendered":"https:\/\/hablemosclarotdf.com.ar\/?p=15144"},"modified":"2024-10-17T15:55:10","modified_gmt":"2024-10-17T18:55:10","slug":"salud-recomienda-mantener-las-vacunas-al-dia-ante-casos-de-sarampion-en-la-region","status":"publish","type":"post","link":"https:\/\/hablemosclarotdf.com.ar\/?p=15144","title":{"rendered":"SALUD RECOMIENDA MANTENER LAS VACUNAS AL D\u00cdA ANTE CASOS DE SARAMPI\u00d3N EN LA REGI\u00d3N"},"content":{"rendered":"<p>Ante la confirmaci\u00f3n de casos de sarampi\u00f3n en la provincia de R\u00edo Negro, el Ministerio de Salud de la Provincia record\u00f3 a la poblaci\u00f3n en general mantener los esquemas de vacunaci\u00f3n al d\u00eda y consultar ante la presencia de fiebre y piel enrojecida.<\/p>\n<p>El sarampi\u00f3n es una enfermedad viral contagiosa que se transmite f\u00e1cilmente por v\u00eda respiratoria a trav\u00e9s de la tos y el estornudo o por contacto directo con las secreciones de la nariz o garganta de la persona infectada. Puede provocar una enfermedad grave con complicaciones neurol\u00f3gicas, respiratorias, ceguera o provocar la muerte.<\/p>\n<p>Vacunarse evita contraer el sarampi\u00f3n o transmitirlo a otras personas. Todas las personas desde el a\u00f1o de vida deben tener esquema de vacunaci\u00f3n completo contra el sarampi\u00f3n y la rub\u00e9ola, seg\u00fan Calendario Nacional de Vacunaci\u00f3n. De 12 meses a 4 a\u00f1os deben acreditar una dosis de vacuna triple viral en tanto que los mayores de 5 a\u00f1os, adolescentes y personas adultas deben acreditar al menos dos dosis de vacuna con componente contra sarampi\u00f3n y rub\u00e9ola aplicada despu\u00e9s del a\u00f1o de vida (doble o triple viral) o contar con serolog\u00eda IgG positiva para sarampi\u00f3n y rub\u00e9ola.<\/p>\n<p>Por \u00faltimo, las personas nacidas antes de 1965 se consideran inmunes y no necesitan vacunarse. Frente a la situaci\u00f3n epidemiol\u00f3gica mundial se recomienda contar con esquema de vacunaci\u00f3n adecuado antes de realizar un viaje.<\/p>\n","protected":false},"excerpt":{"rendered":"<p>Ante la confirmaci\u00f3n de casos de sarampi\u00f3n en la provincia de R\u00edo Negro, el Ministerio&#8230;<\/p>\n","protected":false},"author":1,"featured_media":15145,"comment_status":"closed","ping_status":"closed","sticky":false,"template":"","format":"standard","meta":{"footnotes":""},"categories":[3],"tags":[],"class_list":["post-15144","post","type-post","status-publish","format-standard","has-post-thumbnail","hentry","category-noticias"],"jetpack_featured_media_url":"https:\/\/hablemosclarotdf.com.ar\/wp-content\/uploads\/2024\/10\/photo_2024-10-17_15-54-36.jpg","_links":{"self":[{"href":"https:\/\/hablemosclarotdf.com.ar\/index.php?rest_route=\/wp\/v2\/posts\/15144","targetHints":{"allow":["GET"]}}],"collection":[{"href":"https:\/\/hablemosclarotdf.com.ar\/index.php?rest_route=\/wp\/v2\/posts"}],"about":[{"href":"https:\/\/hablemosclarotdf.com.ar\/index.php?rest_route=\/wp\/v2\/types\/post"}],"author":[{"embeddable":true,"href":"https:\/\/hablemosclarotdf.com.ar\/index.php?rest_route=\/wp\/v2\/users\/1"}],"replies":[{"embeddable":true,"href":"https:\/\/hablemosclarotdf.com.ar\/index.php?rest_route=%2Fwp%2Fv2%2Fcomments&post=15144"}],"version-history":[{"count":1,"href":"https:\/\/hablemosclarotdf.com.ar\/index.php?rest_route=\/wp\/v2\/posts\/15144\/revisions"}],"predecessor-version":[{"id":15146,"href":"https:\/\/hablemosclarotdf.com.ar\/index.php?rest_route=\/wp\/v2\/posts\/15144\/revisions\/15146"}],"wp:featuredmedia":[{"embeddable":true,"href":"https:\/\/hablemosclarotdf.com.ar\/index.php?rest_route=\/wp\/v2\/media\/15145"}],"wp:attachment":[{"href":"https:\/\/hablemosclarotdf.com.ar\/index.php?rest_route=%2Fwp%2Fv2%2Fmedia&parent=15144"}],"wp:term":[{"taxonomy":"category","embeddable":true,"href":"https:\/\/hablemosclarotdf.com.ar\/index.php?rest_route=%2Fwp%2Fv2%2Fcategories&post=15144"},{"taxonomy":"post_tag","embeddable":true,"href":"https:\/\/hablemosclarotdf.com.ar\/index.php?rest_route=%2Fwp%2Fv2%2Ftags&post=15144"}],"curies":[{"name":"wp","href":"https:\/\/api.w.org\/{rel}","templated":true}]}}