{"id":15138,"date":"2024-10-17T15:53:19","date_gmt":"2024-10-17T18:53:19","guid":{"rendered":"https:\/\/hablemosclarotdf.com.ar\/?p=15138"},"modified":"2024-10-17T15:53:19","modified_gmt":"2024-10-17T18:53:19","slug":"gobierno-acompano-la-inauguracion-de-las-xv-jornadas-nacionales-del-sector-publico-que-se-realizan-en-ushuaia","status":"publish","type":"post","link":"https:\/\/hablemosclarotdf.com.ar\/?p=15138","title":{"rendered":"GOBIERNO ACOMPA\u00d1\u00d3 LA INAUGURACI\u00d3N DE LAS \u201cXV JORNADAS NACIONALES DEL SECTOR P\u00daBLICO\u201d QUE SE REALIZAN EN USHUAIA"},"content":{"rendered":"<p>El evento, bajo el lema \u201cDesde el Fin del Mundo, innovaci\u00f3n y compromiso para un desarrollo sostenible en el Sector P\u00fablico\u201d, es organizado por el Consejo Profesional de Ciencias Econ\u00f3micas de Tierra del Fuego y la Federaci\u00f3n Argentina de Consejos Profesionales de Ciencias Econ\u00f3micas (FACPCE).<\/p>\n<p>En representaci\u00f3n del Gobierno de la Provincia, la Vicegobernadora M\u00f3nica Urquiza particip\u00f3 este jueves, junto a miembros del Gabinete provincial, del acto de apertura de las \u201cXV Jornadas Nacionales del Sector P\u00fablico\u201d organizado por el Consejo Profesional de Ciencias Econ\u00f3micas de Tierra del Fuego y la Federaci\u00f3n Argentina de Consejos Profesionales de Ciencias Econ\u00f3micas (FACPCE).<\/p>\n<p>La Vicegobernadora destac\u00f3 la importancia de este encuentro que re\u00fane a profesionales de todo el pa\u00eds, se\u00f1alando que \u201cdesde nuestro Gobierno entendemos que la capacitaci\u00f3n permanente es muy importante para todo lo que significa la modernizaci\u00f3n del Estado y los servicios que se prestan, m\u00e1s en momentos como los que vivimos en los que el Estado es tan denostado\u201d.<\/p>\n<p>En ese sentido, Urquiza destac\u00f3 \u201cel servicio que prestan estos profesionales, que han sido formados y se han formado precisamente en una rama tan importante como es el sector p\u00fablico\u201d.<\/p>\n<p>Para la Vicegobernadora de la provincia \u201cestos profesionales, en su mayor\u00eda, han sido formados en universidades p\u00fablicas y han estudiado gracias al aporte de todos los argentinos y argentinas, por lo que hoy est\u00e1n de alguna manera devolvi\u00e9ndole a los ciudadanos esta preparaci\u00f3n profesional que han tenido para que el Estado sea cada d\u00eda un mejor prestador de servicios\u201d.<\/p>\n<p>Por su parte, el presidente del Consejo Profesional de Ciencias Econ\u00f3micas de Tierra del Fuego, CP Mauricio Irigoit\u00eda, expres\u00f3 su satisfacci\u00f3n por la realizaci\u00f3n de estas jornadas en la Provincia, destacando que \u201ces la primera vez que las organizamos luego de habernos postulado hace algunos a\u00f1os\u201d.<\/p>\n<p>Irigoit\u00eda ponder\u00f3 que durante las dos jornadas se abordar\u00e1n cuestiones relacionadas \u201ccon la innovaci\u00f3n tecnol\u00f3gica en t\u00e9rminos generales, porque siempre podemos innovar m\u00e1s all\u00e1 de la tecnolog\u00eda de la que disponemos, as\u00ed como se tratar\u00e1n conceptos vinculados a problem\u00e1ticas que se presentan en el sector p\u00fablico, tanto en el orden nacional, provincial como municipal\u201d.<\/p>\n<p>\u201cAprovechamos tambi\u00e9n para contarles a todos los profesionales que nos visitan sobre la Causa Malvinas en nuestra provincia, y que sepan bien c\u00f3mo se vive independientemente de las tem\u00e1ticas que se tratan en estas jornadas y que est\u00e1n vinculadas a las ciencias econ\u00f3micas\u201d, afirm\u00f3.<\/p>\n<p>Por \u00faltimo, el presidente de la Federaci\u00f3n Argentina del Consejo de Profesionales de Ciencias Econ\u00f3micas de la Rep\u00fablica Argentina, Jos\u00e9 Simonella, destac\u00f3 \u201cel esfuerzo del Consejo Profesional de Ciencias Econ\u00f3micas de Tierra del Fuego en la realizaci\u00f3n de estas jornadas\u201d, asegurando que \u201cno es casualidad que las cosas salgan bien sino que salen bien porque se trabaja much\u00edsimo y con el apoyo de much\u00edsimas fuerzas locales\u201d.<\/p>\n<p>\u201cEn Ushuaia se vive esto de que todos juntos podemos hacer una mejor comunidad y una mejor sociedad\u201d, valor\u00f3 Simonella al destacar \u201cque no es com\u00fan esta comuni\u00f3n que hay entre el sector privado y el sector p\u00fablico\u201d.<\/p>\n<p>Para el titular del organismo a nivel nacional \u201cel desaf\u00edo que tiene el sector p\u00fablico es gigante, y el desaf\u00edo que tienen los profesionales de las ciencias econ\u00f3micas que trabajan en el sector p\u00fablico es doble\u201d.<\/p>\n<p>\u201cM\u00e1s a\u00fan, si tuvimos la suerte de ser educados en una universidad p\u00fablica, con el aporte de los contribuyentes. Tenemos que hacer una profesi\u00f3n comprometida al servicio de la gente para dotar de eficiencia al sector p\u00fablico\u201d, cerr\u00f3.<\/p>\n<p><img loading=\"lazy\" decoding=\"async\" class=\"alignnone size-medium wp-image-15140\" src=\"https:\/\/hablemosclarotdf.com.ar\/wp-content\/uploads\/2024\/10\/photo_2024-10-17_15-52-11-300x200.jpg\" alt=\"\" width=\"300\" height=\"200\" srcset=\"https:\/\/hablemosclarotdf.com.ar\/wp-content\/uploads\/2024\/10\/photo_2024-10-17_15-52-11-300x200.jpg 300w, https:\/\/hablemosclarotdf.com.ar\/wp-content\/uploads\/2024\/10\/photo_2024-10-17_15-52-11-1024x683.jpg 1024w, https:\/\/hablemosclarotdf.com.ar\/wp-content\/uploads\/2024\/10\/photo_2024-10-17_15-52-11-768x512.jpg 768w, https:\/\/hablemosclarotdf.com.ar\/wp-content\/uploads\/2024\/10\/photo_2024-10-17_15-52-11.jpg 1280w\" sizes=\"auto, (max-width: 300px) 100vw, 300px\" \/> <img loading=\"lazy\" decoding=\"async\" class=\"alignnone size-medium wp-image-15141\" src=\"https:\/\/hablemosclarotdf.com.ar\/wp-content\/uploads\/2024\/10\/photo_2024-10-17_15-52-14-300x200.jpg\" alt=\"\" width=\"300\" height=\"200\" srcset=\"https:\/\/hablemosclarotdf.com.ar\/wp-content\/uploads\/2024\/10\/photo_2024-10-17_15-52-14-300x200.jpg 300w, https:\/\/hablemosclarotdf.com.ar\/wp-content\/uploads\/2024\/10\/photo_2024-10-17_15-52-14-1024x683.jpg 1024w, https:\/\/hablemosclarotdf.com.ar\/wp-content\/uploads\/2024\/10\/photo_2024-10-17_15-52-14-768x512.jpg 768w, https:\/\/hablemosclarotdf.com.ar\/wp-content\/uploads\/2024\/10\/photo_2024-10-17_15-52-14.jpg 1280w\" sizes=\"auto, (max-width: 300px) 100vw, 300px\" \/> <img loading=\"lazy\" decoding=\"async\" class=\"alignnone size-medium wp-image-15142\" src=\"https:\/\/hablemosclarotdf.com.ar\/wp-content\/uploads\/2024\/10\/photo_2024-10-17_15-52-18-300x200.jpg\" alt=\"\" width=\"300\" height=\"200\" srcset=\"https:\/\/hablemosclarotdf.com.ar\/wp-content\/uploads\/2024\/10\/photo_2024-10-17_15-52-18-300x200.jpg 300w, https:\/\/hablemosclarotdf.com.ar\/wp-content\/uploads\/2024\/10\/photo_2024-10-17_15-52-18-1024x683.jpg 1024w, https:\/\/hablemosclarotdf.com.ar\/wp-content\/uploads\/2024\/10\/photo_2024-10-17_15-52-18-768x512.jpg 768w, https:\/\/hablemosclarotdf.com.ar\/wp-content\/uploads\/2024\/10\/photo_2024-10-17_15-52-18.jpg 1280w\" sizes=\"auto, (max-width: 300px) 100vw, 300px\" \/><\/p>\n","protected":false},"excerpt":{"rendered":"<p>El evento, bajo el lema \u201cDesde el Fin del Mundo, innovaci\u00f3n y compromiso para un&#8230;<\/p>\n","protected":false},"author":1,"featured_media":15139,"comment_status":"closed","ping_status":"closed","sticky":false,"template":"","format":"standard","meta":{"footnotes":""},"categories":[3],"tags":[],"class_list":["post-15138","post","type-post","status-publish","format-standard","has-post-thumbnail","hentry","category-noticias"],"jetpack_featured_media_url":"https:\/\/hablemosclarotdf.com.ar\/wp-content\/uploads\/2024\/10\/photo_2024-10-17_15-52-07.jpg","_links":{"self":[{"href":"https:\/\/hablemosclarotdf.com.ar\/index.php?rest_route=\/wp\/v2\/posts\/15138","targetHints":{"allow":["GET"]}}],"collection":[{"href":"https:\/\/hablemosclarotdf.com.ar\/index.php?rest_route=\/wp\/v2\/posts"}],"about":[{"href":"https:\/\/hablemosclarotdf.com.ar\/index.php?rest_route=\/wp\/v2\/types\/post"}],"author":[{"embeddable":true,"href":"https:\/\/hablemosclarotdf.com.ar\/index.php?rest_route=\/wp\/v2\/users\/1"}],"replies":[{"embeddable":true,"href":"https:\/\/hablemosclarotdf.com.ar\/index.php?rest_route=%2Fwp%2Fv2%2Fcomments&post=15138"}],"version-history":[{"count":1,"href":"https:\/\/hablemosclarotdf.com.ar\/index.php?rest_route=\/wp\/v2\/posts\/15138\/revisions"}],"predecessor-version":[{"id":15143,"href":"https:\/\/hablemosclarotdf.com.ar\/index.php?rest_route=\/wp\/v2\/posts\/15138\/revisions\/15143"}],"wp:featuredmedia":[{"embeddable":true,"href":"https:\/\/hablemosclarotdf.com.ar\/index.php?rest_route=\/wp\/v2\/media\/15139"}],"wp:attachment":[{"href":"https:\/\/hablemosclarotdf.com.ar\/index.php?rest_route=%2Fwp%2Fv2%2Fmedia&parent=15138"}],"wp:term":[{"taxonomy":"category","embeddable":true,"href":"https:\/\/hablemosclarotdf.com.ar\/index.php?rest_route=%2Fwp%2Fv2%2Fcategories&post=15138"},{"taxonomy":"post_tag","embeddable":true,"href":"https:\/\/hablemosclarotdf.com.ar\/index.php?rest_route=%2Fwp%2Fv2%2Ftags&post=15138"}],"curies":[{"name":"wp","href":"https:\/\/api.w.org\/{rel}","templated":true}]}}