{"id":15118,"date":"2024-10-17T12:40:52","date_gmt":"2024-10-17T15:40:52","guid":{"rendered":"https:\/\/hablemosclarotdf.com.ar\/?p=15118"},"modified":"2024-10-17T12:40:52","modified_gmt":"2024-10-17T15:40:52","slug":"el-gobierno-de-la-provincia-capacita-a-servidores-publicos-para-una-mejor-atencion-a-personas-con-discapacidad-y-personas-mayores","status":"publish","type":"post","link":"https:\/\/hablemosclarotdf.com.ar\/?p=15118","title":{"rendered":"EL GOBIERNO DE LA PROVINCIA CAPACITA A SERVIDORES P\u00daBLICOS PARA UNA MEJOR ATENCI\u00d3N A PERSONAS CON DISCAPACIDAD Y PERSONAS MAYORES"},"content":{"rendered":"<p>El Gobierno de la Provincia a trav\u00e9s de diversas \u00e1reas, junto al Instituto Provincial de Administraci\u00f3n P\u00fablica (IPAP), viene desarrollando durante todo el a\u00f1o un ciclo de talleres destinados a personal administrativo de entidades p\u00fablicas de la provincia, enmarcados en el Programa Provincial de Accesibilidad.<\/p>\n<p>En este marco se realizan encuentros presenciales con evaluaci\u00f3n, con el fin de concientizar y brindar herramientas pr\u00e1cticas sobre la tem\u00e1tica de la accesibilidad y el buen trato a las personas mayores y a las personas con discapacidad, con el fin de generar promotores y garantes de la accesibilidad seg\u00fan lo dispuesto en el Decreto Provincial N\u00b03502\/22.<\/p>\n<p>Estos encuentros tienen una duraci\u00f3n de tres horas y se ofrecen en las tres ciudades de la provincia, como tambi\u00e9n a aquellos servidores p\u00fablicos que se desempe\u00f1an en la Delegaci\u00f3n de Buenos Aires y en Base Esperanza, Ant\u00e1rtida Argentina.<\/p>\n<p>Se invita a las \u00e1reas que a\u00fan no han participado, inscribirse a trav\u00e9s del link<\/p>\n<p>https:\/\/lc.cx\/NJPxt3<\/p>\n<p>Los pr\u00f3ximos encuentros se realizar\u00e1n en la ciudad de Ushuaia, los d\u00edas mi\u00e9rcoles 23 de octubre y mi\u00e9rcoles 27 de noviembre; en R\u00edo Grande el mi\u00e9rcoles 20 de noviembre y en Tolhuin, el mi\u00e9rcoles 13 de noviembre, de 10 a 13 horas.<\/p>\n<p>Para m\u00e1s informaci\u00f3n, pueden acceder a la p\u00e1gina oficial del IPAP<\/p>\n<p><img loading=\"lazy\" decoding=\"async\" class=\"alignnone size-medium wp-image-15120\" src=\"https:\/\/hablemosclarotdf.com.ar\/wp-content\/uploads\/2024\/10\/photo_2024-10-17_12-39-54-300x200.jpg\" alt=\"\" width=\"300\" height=\"200\" srcset=\"https:\/\/hablemosclarotdf.com.ar\/wp-content\/uploads\/2024\/10\/photo_2024-10-17_12-39-54-300x200.jpg 300w, https:\/\/hablemosclarotdf.com.ar\/wp-content\/uploads\/2024\/10\/photo_2024-10-17_12-39-54-1024x682.jpg 1024w, https:\/\/hablemosclarotdf.com.ar\/wp-content\/uploads\/2024\/10\/photo_2024-10-17_12-39-54-768x512.jpg 768w, https:\/\/hablemosclarotdf.com.ar\/wp-content\/uploads\/2024\/10\/photo_2024-10-17_12-39-54.jpg 1280w\" sizes=\"auto, (max-width: 300px) 100vw, 300px\" \/><\/p>\n","protected":false},"excerpt":{"rendered":"<p>El Gobierno de la Provincia a trav\u00e9s de diversas \u00e1reas, junto al Instituto Provincial de&#8230;<\/p>\n","protected":false},"author":1,"featured_media":15119,"comment_status":"closed","ping_status":"closed","sticky":false,"template":"","format":"standard","meta":{"footnotes":""},"categories":[3],"tags":[],"class_list":["post-15118","post","type-post","status-publish","format-standard","has-post-thumbnail","hentry","category-noticias"],"jetpack_featured_media_url":"https:\/\/hablemosclarotdf.com.ar\/wp-content\/uploads\/2024\/10\/photo_2024-10-17_12-39-51.jpg","_links":{"self":[{"href":"https:\/\/hablemosclarotdf.com.ar\/index.php?rest_route=\/wp\/v2\/posts\/15118","targetHints":{"allow":["GET"]}}],"collection":[{"href":"https:\/\/hablemosclarotdf.com.ar\/index.php?rest_route=\/wp\/v2\/posts"}],"about":[{"href":"https:\/\/hablemosclarotdf.com.ar\/index.php?rest_route=\/wp\/v2\/types\/post"}],"author":[{"embeddable":true,"href":"https:\/\/hablemosclarotdf.com.ar\/index.php?rest_route=\/wp\/v2\/users\/1"}],"replies":[{"embeddable":true,"href":"https:\/\/hablemosclarotdf.com.ar\/index.php?rest_route=%2Fwp%2Fv2%2Fcomments&post=15118"}],"version-history":[{"count":1,"href":"https:\/\/hablemosclarotdf.com.ar\/index.php?rest_route=\/wp\/v2\/posts\/15118\/revisions"}],"predecessor-version":[{"id":15121,"href":"https:\/\/hablemosclarotdf.com.ar\/index.php?rest_route=\/wp\/v2\/posts\/15118\/revisions\/15121"}],"wp:featuredmedia":[{"embeddable":true,"href":"https:\/\/hablemosclarotdf.com.ar\/index.php?rest_route=\/wp\/v2\/media\/15119"}],"wp:attachment":[{"href":"https:\/\/hablemosclarotdf.com.ar\/index.php?rest_route=%2Fwp%2Fv2%2Fmedia&parent=15118"}],"wp:term":[{"taxonomy":"category","embeddable":true,"href":"https:\/\/hablemosclarotdf.com.ar\/index.php?rest_route=%2Fwp%2Fv2%2Fcategories&post=15118"},{"taxonomy":"post_tag","embeddable":true,"href":"https:\/\/hablemosclarotdf.com.ar\/index.php?rest_route=%2Fwp%2Fv2%2Ftags&post=15118"}],"curies":[{"name":"wp","href":"https:\/\/api.w.org\/{rel}","templated":true}]}}