{"id":13062,"date":"2024-10-01T21:27:12","date_gmt":"2024-10-02T00:27:12","guid":{"rendered":"https:\/\/hablemosclarotdf.com.ar\/?p=13062"},"modified":"2024-10-01T21:27:12","modified_gmt":"2024-10-02T00:27:12","slug":"ushuaia-la-municipalidad-dara-inicio-al-programa-de-recuperacion-vial-en-su-primera-etapa","status":"publish","type":"post","link":"https:\/\/hablemosclarotdf.com.ar\/?p=13062","title":{"rendered":"USHUAIA : LA MUNICIPALIDAD  DAR\u00c1 INICIO AL PROGRAMA DE RECUPERACI\u00d3N VIAL EN SU PRIMERA ETAPA"},"content":{"rendered":"<p>En conferencia de prensa, la Municipalidad de Ushuaia present\u00f3 la primera etapa del Programa de Recuperaci\u00f3n Vial que llevar\u00e1 adelante durante la temporada de obra 2024-2025. La secretaria de Planificaci\u00f3n e Inversi\u00f3n P\u00fablica, Bel\u00e9n Borgna acompa\u00f1ada de la secretaria de Econom\u00eda y Finanzas Araceli Oviedo expusieron las primeras obras previstas para el mejoramiento de la traza vial dentro del ejido urbano.<br \/>\nLa arq. Borgna enumer\u00f3 las obras que se realizar\u00e1n con fondos propios, con una inversi\u00f3n aproximada de 3500 millones de pesos, incluidas en las 4 licitaciones en el inicio del programa de repavimentaci\u00f3n. \u201cSe ponderaron los circuitos y calles que requer\u00edan una intervenci\u00f3n prioritaria, por el estado en que se encuentran y de acuerdo con la capacidad presupuestaria, por lo tanto, estaremos trabajando en Sol\u00eds, Pad\u00edn Otero, en la zona del centro, Piedrabuena, Don Bosco, calle Magallanes, avenida H\u00e9roes de Malvinas en el tramo que va desde la rotonda del Polivalente a la curva de Piquill\u00edn\u201d.<br \/>\nAgreg\u00f3 que en otra licitaci\u00f3n se incluir\u00e1n tramos de la avenida Alem y un sector importante del puente amarillo sobre el Arroyo Grande que debe tener una intervenci\u00f3n especial y validada por Vialidad Nacional, por una cuesti\u00f3n de seguridad de la estructura. \u201cEsa intervenci\u00f3n va a entrar en una pr\u00f3xima licitaci\u00f3n cuyos pliegos se abren este viernes\u201d, agreg\u00f3 Borgna.<br \/>\n\u201cLas otras dos licitaciones ser\u00e1n intervenciones en calles barriales, para lo cual dividimos la ciudad en zona oeste y este. La zona oeste contempla calles como Karukinka y Kuanip, y la \u00faltima licitaci\u00f3n abarca parte del Intevu que est\u00e1 atr\u00e1s del bosque Yatana y parte de las 640 Viviendas\u201d.<br \/>\nLas funcionarias valoraron la ampliaci\u00f3n presupuestaria aprobada por el Concejo Deliberante, la declaraci\u00f3n de emergencia vial y la asistencia financiera convenida con el gobierno provincial, expresamente reconocido en la figura del gobernador Melella y la ministra de Obras P\u00fablicas al abrir los canales de di\u00e1logo.<br \/>\nEn esta inversi\u00f3n se est\u00e1n interviniendo un proporcional de 92 cuadras, de las cuales muchas son avenidas como H\u00e9roes de Malvinas en distintos tramos a lo largo de su extensi\u00f3n. Se trata de una primera etapa de obras para esta temporada que incluir\u00e1 repavimentaci\u00f3n, tareas de bacheo, mejoramiento de calles de tierra, apertura de nuevas calles en urbanizaciones municipales, intervenciones en rotondas, cruces a nivel, estacionamientos y ciclov\u00edas. Durante la temporada 2024-2025, se proyectan intervenciones en m\u00e1s de 550 calles de nuestra ciudad, incluyendo v\u00edas principales de circulaci\u00f3n vehicular y el acceso a la ciudad de Ushuaia.<br \/>\nSe continuar\u00e1 con el di\u00e1logo para la reactivaci\u00f3n de las obras en el ingreso a la ciudad que financia Vialidad nacional, y la de Perito Moreno e Irigoyen que tienen financiamiento del Fondo de Ampliaci\u00f3n de la Matriz Productiva (FAMP). \u201cSomos muy cuidadosos y damos pasos seguros dentro del presupuesto que tenemos aprobado\u201d, dijo la secretaria Borgna.<br \/>\nLa secretaria de Econom\u00eda y Finanzas, Araceli Oviedo, aclar\u00f3 que las obras en esta primera etapa se realizar\u00e1n exclusivamente con fondos municipales, provenientes de la coparticipaci\u00f3n, \u201cya que los fondos municipales de recaudaci\u00f3n propia significan s\u00f3lo el 15% de los recursos\u201d.<br \/>\nLa contadora Oviedo subray\u00f3 la importancia del convenio firmado con la Provincia para la realizaci\u00f3n de obras necesarias en la ciudad y se\u00f1al\u00f3 que \u201cel Fondo de Infraestructura Vial, creado para el mantenimiento de la trama vial, recaud\u00f3 a septiembre 109 millones de pesos, lo que equivale a la posibilidad de repavimentar s\u00f3lo dos cuadras y media y corresponde a tan s\u00f3lo el 10 % de la primera licitaci\u00f3n\u201d.<\/p>\n<p><img loading=\"lazy\" decoding=\"async\" class=\"alignnone size-medium wp-image-13064\" src=\"https:\/\/hablemosclarotdf.com.ar\/wp-content\/uploads\/2024\/10\/photo_2024-10-01_21-10-12-300x200.jpg\" alt=\"\" width=\"300\" height=\"200\" srcset=\"https:\/\/hablemosclarotdf.com.ar\/wp-content\/uploads\/2024\/10\/photo_2024-10-01_21-10-12-300x200.jpg 300w, https:\/\/hablemosclarotdf.com.ar\/wp-content\/uploads\/2024\/10\/photo_2024-10-01_21-10-12-1024x683.jpg 1024w, https:\/\/hablemosclarotdf.com.ar\/wp-content\/uploads\/2024\/10\/photo_2024-10-01_21-10-12-768x512.jpg 768w, https:\/\/hablemosclarotdf.com.ar\/wp-content\/uploads\/2024\/10\/photo_2024-10-01_21-10-12.jpg 1280w\" sizes=\"auto, (max-width: 300px) 100vw, 300px\" \/> <img loading=\"lazy\" decoding=\"async\" class=\"alignnone size-medium wp-image-13065\" src=\"https:\/\/hablemosclarotdf.com.ar\/wp-content\/uploads\/2024\/10\/photo_2024-10-01_21-10-16-300x200.jpg\" alt=\"\" width=\"300\" height=\"200\" srcset=\"https:\/\/hablemosclarotdf.com.ar\/wp-content\/uploads\/2024\/10\/photo_2024-10-01_21-10-16-300x200.jpg 300w, https:\/\/hablemosclarotdf.com.ar\/wp-content\/uploads\/2024\/10\/photo_2024-10-01_21-10-16-1024x683.jpg 1024w, https:\/\/hablemosclarotdf.com.ar\/wp-content\/uploads\/2024\/10\/photo_2024-10-01_21-10-16-768x512.jpg 768w, https:\/\/hablemosclarotdf.com.ar\/wp-content\/uploads\/2024\/10\/photo_2024-10-01_21-10-16.jpg 1280w\" sizes=\"auto, (max-width: 300px) 100vw, 300px\" \/> <img loading=\"lazy\" decoding=\"async\" class=\"alignnone size-medium wp-image-13066\" src=\"https:\/\/hablemosclarotdf.com.ar\/wp-content\/uploads\/2024\/10\/photo_2024-10-01_21-10-20-300x200.jpg\" alt=\"\" width=\"300\" height=\"200\" srcset=\"https:\/\/hablemosclarotdf.com.ar\/wp-content\/uploads\/2024\/10\/photo_2024-10-01_21-10-20-300x200.jpg 300w, https:\/\/hablemosclarotdf.com.ar\/wp-content\/uploads\/2024\/10\/photo_2024-10-01_21-10-20-1024x683.jpg 1024w, https:\/\/hablemosclarotdf.com.ar\/wp-content\/uploads\/2024\/10\/photo_2024-10-01_21-10-20-768x512.jpg 768w, https:\/\/hablemosclarotdf.com.ar\/wp-content\/uploads\/2024\/10\/photo_2024-10-01_21-10-20.jpg 1280w\" sizes=\"auto, (max-width: 300px) 100vw, 300px\" \/> <img loading=\"lazy\" decoding=\"async\" class=\"alignnone size-medium wp-image-13067\" src=\"https:\/\/hablemosclarotdf.com.ar\/wp-content\/uploads\/2024\/10\/photo_2024-10-01_21-10-24-300x200.jpg\" alt=\"\" width=\"300\" height=\"200\" srcset=\"https:\/\/hablemosclarotdf.com.ar\/wp-content\/uploads\/2024\/10\/photo_2024-10-01_21-10-24-300x200.jpg 300w, https:\/\/hablemosclarotdf.com.ar\/wp-content\/uploads\/2024\/10\/photo_2024-10-01_21-10-24-1024x683.jpg 1024w, https:\/\/hablemosclarotdf.com.ar\/wp-content\/uploads\/2024\/10\/photo_2024-10-01_21-10-24-768x512.jpg 768w, https:\/\/hablemosclarotdf.com.ar\/wp-content\/uploads\/2024\/10\/photo_2024-10-01_21-10-24.jpg 1280w\" sizes=\"auto, (max-width: 300px) 100vw, 300px\" \/> <img loading=\"lazy\" decoding=\"async\" class=\"alignnone size-medium wp-image-13068\" src=\"https:\/\/hablemosclarotdf.com.ar\/wp-content\/uploads\/2024\/10\/photo_2024-10-01_21-10-28-300x200.jpg\" alt=\"\" width=\"300\" height=\"200\" srcset=\"https:\/\/hablemosclarotdf.com.ar\/wp-content\/uploads\/2024\/10\/photo_2024-10-01_21-10-28-300x200.jpg 300w, https:\/\/hablemosclarotdf.com.ar\/wp-content\/uploads\/2024\/10\/photo_2024-10-01_21-10-28-1024x683.jpg 1024w, https:\/\/hablemosclarotdf.com.ar\/wp-content\/uploads\/2024\/10\/photo_2024-10-01_21-10-28-768x512.jpg 768w, https:\/\/hablemosclarotdf.com.ar\/wp-content\/uploads\/2024\/10\/photo_2024-10-01_21-10-28.jpg 1280w\" sizes=\"auto, (max-width: 300px) 100vw, 300px\" \/> <img loading=\"lazy\" decoding=\"async\" class=\"alignnone size-medium wp-image-13069\" src=\"https:\/\/hablemosclarotdf.com.ar\/wp-content\/uploads\/2024\/10\/photo_2024-10-01_21-10-36-300x200.jpg\" alt=\"\" width=\"300\" height=\"200\" srcset=\"https:\/\/hablemosclarotdf.com.ar\/wp-content\/uploads\/2024\/10\/photo_2024-10-01_21-10-36-300x200.jpg 300w, https:\/\/hablemosclarotdf.com.ar\/wp-content\/uploads\/2024\/10\/photo_2024-10-01_21-10-36-1024x683.jpg 1024w, https:\/\/hablemosclarotdf.com.ar\/wp-content\/uploads\/2024\/10\/photo_2024-10-01_21-10-36-768x512.jpg 768w, https:\/\/hablemosclarotdf.com.ar\/wp-content\/uploads\/2024\/10\/photo_2024-10-01_21-10-36.jpg 1280w\" sizes=\"auto, (max-width: 300px) 100vw, 300px\" \/> <img loading=\"lazy\" decoding=\"async\" class=\"alignnone size-medium wp-image-13070\" src=\"https:\/\/hablemosclarotdf.com.ar\/wp-content\/uploads\/2024\/10\/photo_2024-10-01_21-10-39-300x200.jpg\" alt=\"\" width=\"300\" height=\"200\" srcset=\"https:\/\/hablemosclarotdf.com.ar\/wp-content\/uploads\/2024\/10\/photo_2024-10-01_21-10-39-300x200.jpg 300w, https:\/\/hablemosclarotdf.com.ar\/wp-content\/uploads\/2024\/10\/photo_2024-10-01_21-10-39-1024x683.jpg 1024w, https:\/\/hablemosclarotdf.com.ar\/wp-content\/uploads\/2024\/10\/photo_2024-10-01_21-10-39-768x512.jpg 768w, https:\/\/hablemosclarotdf.com.ar\/wp-content\/uploads\/2024\/10\/photo_2024-10-01_21-10-39.jpg 1280w\" sizes=\"auto, (max-width: 300px) 100vw, 300px\" \/> <img loading=\"lazy\" decoding=\"async\" class=\"alignnone size-medium wp-image-13071\" src=\"https:\/\/hablemosclarotdf.com.ar\/wp-content\/uploads\/2024\/10\/photo_2024-10-01_21-10-43-300x200.jpg\" alt=\"\" width=\"300\" height=\"200\" srcset=\"https:\/\/hablemosclarotdf.com.ar\/wp-content\/uploads\/2024\/10\/photo_2024-10-01_21-10-43-300x200.jpg 300w, https:\/\/hablemosclarotdf.com.ar\/wp-content\/uploads\/2024\/10\/photo_2024-10-01_21-10-43-1024x683.jpg 1024w, https:\/\/hablemosclarotdf.com.ar\/wp-content\/uploads\/2024\/10\/photo_2024-10-01_21-10-43-768x512.jpg 768w, https:\/\/hablemosclarotdf.com.ar\/wp-content\/uploads\/2024\/10\/photo_2024-10-01_21-10-43.jpg 1280w\" sizes=\"auto, (max-width: 300px) 100vw, 300px\" \/><\/p>\n","protected":false},"excerpt":{"rendered":"<p>En conferencia de prensa, la Municipalidad de Ushuaia present\u00f3 la primera etapa del Programa de&#8230;<\/p>\n","protected":false},"author":1,"featured_media":13063,"comment_status":"closed","ping_status":"closed","sticky":false,"template":"","format":"standard","meta":{"footnotes":""},"categories":[3],"tags":[],"class_list":["post-13062","post","type-post","status-publish","format-standard","has-post-thumbnail","hentry","category-noticias"],"jetpack_featured_media_url":"https:\/\/hablemosclarotdf.com.ar\/wp-content\/uploads\/2024\/10\/photo_2024-10-01_21-10-09.jpg","_links":{"self":[{"href":"https:\/\/hablemosclarotdf.com.ar\/index.php?rest_route=\/wp\/v2\/posts\/13062","targetHints":{"allow":["GET"]}}],"collection":[{"href":"https:\/\/hablemosclarotdf.com.ar\/index.php?rest_route=\/wp\/v2\/posts"}],"about":[{"href":"https:\/\/hablemosclarotdf.com.ar\/index.php?rest_route=\/wp\/v2\/types\/post"}],"author":[{"embeddable":true,"href":"https:\/\/hablemosclarotdf.com.ar\/index.php?rest_route=\/wp\/v2\/users\/1"}],"replies":[{"embeddable":true,"href":"https:\/\/hablemosclarotdf.com.ar\/index.php?rest_route=%2Fwp%2Fv2%2Fcomments&post=13062"}],"version-history":[{"count":1,"href":"https:\/\/hablemosclarotdf.com.ar\/index.php?rest_route=\/wp\/v2\/posts\/13062\/revisions"}],"predecessor-version":[{"id":13072,"href":"https:\/\/hablemosclarotdf.com.ar\/index.php?rest_route=\/wp\/v2\/posts\/13062\/revisions\/13072"}],"wp:featuredmedia":[{"embeddable":true,"href":"https:\/\/hablemosclarotdf.com.ar\/index.php?rest_route=\/wp\/v2\/media\/13063"}],"wp:attachment":[{"href":"https:\/\/hablemosclarotdf.com.ar\/index.php?rest_route=%2Fwp%2Fv2%2Fmedia&parent=13062"}],"wp:term":[{"taxonomy":"category","embeddable":true,"href":"https:\/\/hablemosclarotdf.com.ar\/index.php?rest_route=%2Fwp%2Fv2%2Fcategories&post=13062"},{"taxonomy":"post_tag","embeddable":true,"href":"https:\/\/hablemosclarotdf.com.ar\/index.php?rest_route=%2Fwp%2Fv2%2Ftags&post=13062"}],"curies":[{"name":"wp","href":"https:\/\/api.w.org\/{rel}","templated":true}]}}