{"id":12922,"date":"2024-09-30T19:55:57","date_gmt":"2024-09-30T22:55:57","guid":{"rendered":"https:\/\/hablemosclarotdf.com.ar\/?p=12922"},"modified":"2024-09-30T19:55:57","modified_gmt":"2024-09-30T22:55:57","slug":"rio-grande-se-viene-el-primer-encuentro-nacional-de-chevrolet-del-fin-del-mundo","status":"publish","type":"post","link":"https:\/\/hablemosclarotdf.com.ar\/?p=12922","title":{"rendered":"RIO GRANDE : SE VIENE EL PRIMER ENCUENTRO NACIONAL DE CHEVROLET DEL FIN DEL MUNDO"},"content":{"rendered":"<p>R\u00edo Grande se prepara para recibir a cientos de fan\u00e1ticos del mundo automotor durante el primer Encuentro Nacional de Chevrolet del Fin del Mundo, que se llevar\u00e1 a cabo del 17 al 19 de octubre. Este evento, organizado por Chivo Club Tierra del Fuego y apoyado por el Municipio de R\u00edo Grande, contar\u00e1 con la participaci\u00f3n de seguidores de Chevrolet de otras provincias y de Chile. Promete ser una experiencia inolvidable para participantes y espectadores.<\/p>\n<p>El 17, 18 y 19 de octubre, la ciudad de R\u00edo Grande ser\u00e1 escenario del primer Encuentro Nacional de Chevrolet del Fin del Mundo, evento que contar\u00e1 con la participaci\u00f3n de fan\u00e1ticos de varias provincias argentinas, como as\u00ed tambi\u00e9n de la hermana Rep\u00fablica de Chile.<\/p>\n<p>Durante los tres d\u00edas, la propuesta incluye diversas actividades. Para el jueves 17, recepci\u00f3n de los participantes que visitan la ciudad, junto a una cena de bienvenida; mientras que el viernes 18, habr\u00e1 paseos de autos por R\u00edo Grande, muestra c\u00e9ntrica, exposici\u00f3n de autos en el Parque de los 100 A\u00f1os, y un evento en el aut\u00f3dromo de la ciudad, con la participaci\u00f3n de la banda Asuntos Pendientes.<\/p>\n<p>Finalmente, el s\u00e1bado 19, los autos realizar\u00e1n una caravana rutera hacia el sur de la provincia, haciendo paradas para compartir con las ciudades vecinas, tanto en Tolhuin como en Ushuaia.<\/p>\n<p>El Municipio de R\u00edo Grande se ha unido a Chivo Club Tierra del Fuego para hacer posible este evento, que busca promover el turismo y ofrecer a la comunidad fueguina un momento \u00fanico para compartir pasiones y experiencias.<\/p>\n<p><img loading=\"lazy\" decoding=\"async\" class=\"alignnone size-medium wp-image-12924\" src=\"https:\/\/hablemosclarotdf.com.ar\/wp-content\/uploads\/2024\/09\/photo_2024-09-30_19-54-32-300x200.jpg\" alt=\"\" width=\"300\" height=\"200\" srcset=\"https:\/\/hablemosclarotdf.com.ar\/wp-content\/uploads\/2024\/09\/photo_2024-09-30_19-54-32-300x200.jpg 300w, https:\/\/hablemosclarotdf.com.ar\/wp-content\/uploads\/2024\/09\/photo_2024-09-30_19-54-32-1024x682.jpg 1024w, https:\/\/hablemosclarotdf.com.ar\/wp-content\/uploads\/2024\/09\/photo_2024-09-30_19-54-32-768x512.jpg 768w, https:\/\/hablemosclarotdf.com.ar\/wp-content\/uploads\/2024\/09\/photo_2024-09-30_19-54-32.jpg 1280w\" sizes=\"auto, (max-width: 300px) 100vw, 300px\" \/> <img loading=\"lazy\" decoding=\"async\" class=\"alignnone size-medium wp-image-12925\" src=\"https:\/\/hablemosclarotdf.com.ar\/wp-content\/uploads\/2024\/09\/photo_2024-09-30_19-54-42-300x200.jpg\" alt=\"\" width=\"300\" height=\"200\" srcset=\"https:\/\/hablemosclarotdf.com.ar\/wp-content\/uploads\/2024\/09\/photo_2024-09-30_19-54-42-300x200.jpg 300w, https:\/\/hablemosclarotdf.com.ar\/wp-content\/uploads\/2024\/09\/photo_2024-09-30_19-54-42-1024x683.jpg 1024w, https:\/\/hablemosclarotdf.com.ar\/wp-content\/uploads\/2024\/09\/photo_2024-09-30_19-54-42-768x512.jpg 768w, https:\/\/hablemosclarotdf.com.ar\/wp-content\/uploads\/2024\/09\/photo_2024-09-30_19-54-42.jpg 1280w\" sizes=\"auto, (max-width: 300px) 100vw, 300px\" \/><\/p>\n","protected":false},"excerpt":{"rendered":"<p>R\u00edo Grande se prepara para recibir a cientos de fan\u00e1ticos del mundo automotor durante el&#8230;<\/p>\n","protected":false},"author":1,"featured_media":12923,"comment_status":"closed","ping_status":"closed","sticky":false,"template":"","format":"standard","meta":{"footnotes":""},"categories":[3],"tags":[],"class_list":["post-12922","post","type-post","status-publish","format-standard","has-post-thumbnail","hentry","category-noticias"],"jetpack_featured_media_url":"https:\/\/hablemosclarotdf.com.ar\/wp-content\/uploads\/2024\/09\/photo_2024-09-30_19-54-09.jpg","_links":{"self":[{"href":"https:\/\/hablemosclarotdf.com.ar\/index.php?rest_route=\/wp\/v2\/posts\/12922","targetHints":{"allow":["GET"]}}],"collection":[{"href":"https:\/\/hablemosclarotdf.com.ar\/index.php?rest_route=\/wp\/v2\/posts"}],"about":[{"href":"https:\/\/hablemosclarotdf.com.ar\/index.php?rest_route=\/wp\/v2\/types\/post"}],"author":[{"embeddable":true,"href":"https:\/\/hablemosclarotdf.com.ar\/index.php?rest_route=\/wp\/v2\/users\/1"}],"replies":[{"embeddable":true,"href":"https:\/\/hablemosclarotdf.com.ar\/index.php?rest_route=%2Fwp%2Fv2%2Fcomments&post=12922"}],"version-history":[{"count":1,"href":"https:\/\/hablemosclarotdf.com.ar\/index.php?rest_route=\/wp\/v2\/posts\/12922\/revisions"}],"predecessor-version":[{"id":12926,"href":"https:\/\/hablemosclarotdf.com.ar\/index.php?rest_route=\/wp\/v2\/posts\/12922\/revisions\/12926"}],"wp:featuredmedia":[{"embeddable":true,"href":"https:\/\/hablemosclarotdf.com.ar\/index.php?rest_route=\/wp\/v2\/media\/12923"}],"wp:attachment":[{"href":"https:\/\/hablemosclarotdf.com.ar\/index.php?rest_route=%2Fwp%2Fv2%2Fmedia&parent=12922"}],"wp:term":[{"taxonomy":"category","embeddable":true,"href":"https:\/\/hablemosclarotdf.com.ar\/index.php?rest_route=%2Fwp%2Fv2%2Fcategories&post=12922"},{"taxonomy":"post_tag","embeddable":true,"href":"https:\/\/hablemosclarotdf.com.ar\/index.php?rest_route=%2Fwp%2Fv2%2Ftags&post=12922"}],"curies":[{"name":"wp","href":"https:\/\/api.w.org\/{rel}","templated":true}]}}