{"id":12918,"date":"2024-09-30T19:51:18","date_gmt":"2024-09-30T22:51:18","guid":{"rendered":"https:\/\/hablemosclarotdf.com.ar\/?p=12918"},"modified":"2024-09-30T19:51:18","modified_gmt":"2024-09-30T22:51:18","slug":"ushuaia-comenzaron-las-entrevistas-a-veteranos-de-guerra-para-el-proyecto-voces-de-malvinas","status":"publish","type":"post","link":"https:\/\/hablemosclarotdf.com.ar\/?p=12918","title":{"rendered":"USHUAIA : COMENZARON LAS ENTREVISTAS A VETERANOS DE GUERRA PARA EL PROYECTO \u201cVOCES DE MALVINAS\u201d"},"content":{"rendered":"<p>El Municipio de Ushuaia en colaboraci\u00f3n con la UNTDF y UNLa<\/p>\n<p>La Municipalidad de Ushuaia inici\u00f3 los trabajos de colaboraci\u00f3n con la Universidad de Tierra del Fuego y la Universidad de Lan\u00fas para la concreci\u00f3n del proyecto \u201cVoces de Malvinas\u201d que tiene como finalidad conservar las entrevistas a veteranos y veteranas de Mailvinas en soporte audiovisual.<br \/>\nA trav\u00e9s de la Secretar\u00eda de Asuntos de Malvinas comenzaron la grabaci\u00f3n de las entrevistas y el coordinador de Asuntos de Malvinas, VGM Daniel Arias, quien se desempe\u00f1\u00f3 en el A.R.A Piedra Buena durante la Gesta de Malvinas, fue el primer testimonio registrado.<br \/>\nEl proyecto \u201cVoces de Malvinas\u201d surge de un convenio firmado entre las universidades de Tierra del Fuego (UNTDF) y Lan\u00fas (UNLa), con el objetivo de compartir las historias de vida de los veteranos, desde su infancia hasta el conflicto, incluida la posguerra, con el fin de preservar tan valioso testimonio de nuestra historia viva.<br \/>\nLa docente Karin Otero de la UNTDF confirm\u00f3 que el proyecto comenz\u00f3 a implementarse este a\u00f1o, a cargo de docentes investigadores del Instituto de Cultura, Sociedad y Estado (ICSE) de la Universidad Nacional de Tierra del Fuego. \u201cUna vez finalizado el trabajo, el material estar\u00e1 disponible en el archivo de las universidades y tambi\u00e9n ser\u00e1 enviado al Archivo General de la Naci\u00f3n para su resguardo, donde podr\u00e1 ser consultado por la ciudadan\u00eda y aquellos que realicen trabajos de investigaci\u00f3n&#8221;, dijo Karin Otero, quien tiene a cargo el proyecto junto a Javier L\u00f3pez en la ciudad de Ushuaia, mientras que en la ciudad de R\u00edo Grande los responsables son Esteban Rodr\u00edguez y Facundo Vi\u00f1abal.<br \/>\nEl Secretario de Asuntos de Malvinas, VGM Dante Asili, destac\u00f3 que \u201ctrabajamos en conjunto con las Universidades, la Municipalidad y el Centro de Ex Combatientes de Malvinas en Ushuaia para conservar y no perder estos valiosos testimonios, no s\u00f3lo para las generaciones actuales sino tambi\u00e9n para el futuro\u201d. Finalmente sostuvo que \u201cconocemos la importancia de la Causa Malvinas para la ciudadan\u00eda, pero tambi\u00e9n para esta gesti\u00f3n, que ha acompa\u00f1ado desde el primer momento\u201d.<\/p>\n<p><img loading=\"lazy\" decoding=\"async\" class=\"alignnone size-medium wp-image-12920\" src=\"https:\/\/hablemosclarotdf.com.ar\/wp-content\/uploads\/2024\/09\/photo_2024-09-30_19-50-32-300x135.jpg\" alt=\"\" width=\"300\" height=\"135\" srcset=\"https:\/\/hablemosclarotdf.com.ar\/wp-content\/uploads\/2024\/09\/photo_2024-09-30_19-50-32-300x135.jpg 300w, https:\/\/hablemosclarotdf.com.ar\/wp-content\/uploads\/2024\/09\/photo_2024-09-30_19-50-32-768x346.jpg 768w, https:\/\/hablemosclarotdf.com.ar\/wp-content\/uploads\/2024\/09\/photo_2024-09-30_19-50-32.jpg 853w\" sizes=\"auto, (max-width: 300px) 100vw, 300px\" \/><\/p>\n","protected":false},"excerpt":{"rendered":"<p>El Municipio de Ushuaia en colaboraci\u00f3n con la UNTDF y UNLa La Municipalidad de Ushuaia&#8230;<\/p>\n","protected":false},"author":1,"featured_media":12919,"comment_status":"closed","ping_status":"closed","sticky":false,"template":"","format":"standard","meta":{"footnotes":""},"categories":[3],"tags":[],"class_list":["post-12918","post","type-post","status-publish","format-standard","has-post-thumbnail","hentry","category-noticias"],"jetpack_featured_media_url":"https:\/\/hablemosclarotdf.com.ar\/wp-content\/uploads\/2024\/09\/photo_2024-09-30_19-50-28.jpg","_links":{"self":[{"href":"https:\/\/hablemosclarotdf.com.ar\/index.php?rest_route=\/wp\/v2\/posts\/12918","targetHints":{"allow":["GET"]}}],"collection":[{"href":"https:\/\/hablemosclarotdf.com.ar\/index.php?rest_route=\/wp\/v2\/posts"}],"about":[{"href":"https:\/\/hablemosclarotdf.com.ar\/index.php?rest_route=\/wp\/v2\/types\/post"}],"author":[{"embeddable":true,"href":"https:\/\/hablemosclarotdf.com.ar\/index.php?rest_route=\/wp\/v2\/users\/1"}],"replies":[{"embeddable":true,"href":"https:\/\/hablemosclarotdf.com.ar\/index.php?rest_route=%2Fwp%2Fv2%2Fcomments&post=12918"}],"version-history":[{"count":1,"href":"https:\/\/hablemosclarotdf.com.ar\/index.php?rest_route=\/wp\/v2\/posts\/12918\/revisions"}],"predecessor-version":[{"id":12921,"href":"https:\/\/hablemosclarotdf.com.ar\/index.php?rest_route=\/wp\/v2\/posts\/12918\/revisions\/12921"}],"wp:featuredmedia":[{"embeddable":true,"href":"https:\/\/hablemosclarotdf.com.ar\/index.php?rest_route=\/wp\/v2\/media\/12919"}],"wp:attachment":[{"href":"https:\/\/hablemosclarotdf.com.ar\/index.php?rest_route=%2Fwp%2Fv2%2Fmedia&parent=12918"}],"wp:term":[{"taxonomy":"category","embeddable":true,"href":"https:\/\/hablemosclarotdf.com.ar\/index.php?rest_route=%2Fwp%2Fv2%2Fcategories&post=12918"},{"taxonomy":"post_tag","embeddable":true,"href":"https:\/\/hablemosclarotdf.com.ar\/index.php?rest_route=%2Fwp%2Fv2%2Ftags&post=12918"}],"curies":[{"name":"wp","href":"https:\/\/api.w.org\/{rel}","templated":true}]}}