{"id":12907,"date":"2024-09-30T15:14:25","date_gmt":"2024-09-30T18:14:25","guid":{"rendered":"https:\/\/hablemosclarotdf.com.ar\/?p=12907"},"modified":"2024-09-30T15:14:25","modified_gmt":"2024-09-30T18:14:25","slug":"rio-grande-llega-el-festival-de-aves-2024","status":"publish","type":"post","link":"https:\/\/hablemosclarotdf.com.ar\/?p=12907","title":{"rendered":"RIO GRANDE : LLEGA EL FESTIVAL DE AVES 2024."},"content":{"rendered":"<p>En el marco de la llegada de aves playeras migratorias a R\u00edo Grande, el Municipio realizar\u00e1 diversas actividades con el objetivo de motivar el cuidado de nuestras costas y su biodiversidad.<\/p>\n<p>El Municipio de R\u00edo Grande invita a los vecinos y vecinas a celebrar el 15\u00ba aniversario del Festival de Aves a nivel local. En esta ocasi\u00f3n, se llevar\u00e1 a cabo una agenda de actividades en torno al recibimiento de las aves playeras.<\/p>\n<p>Las propuestas iniciar\u00e1n este 1 de octubre, en el marco del D\u00eda de Las Playas Limpias. El Municipio de R\u00edo Grande, junto al colegio EPEIM, Estepa Viva y diversas instituciones y empresas locales, realizar\u00e1 una jornada de limpieza de playas para que las aves puedan encontrar un lugar de descanso en condiciones. Aquellos interesados en participar podr\u00e1n sumarse a las 10 horas en los distintos puntos de encuentro: Colegio Ant\u00e1rtida Argentina, Escuela Cono Sur, EPEIM, Colegio Soberan\u00eda Nacional y el Centro de Interpretaci\u00f3n Ambiental.<\/p>\n<p>El 2 de octubre, a partir de las 10 horas, se realizar\u00e1 la apertura del 15\u00ba Festival de Aves Playeras en el Museo Municipal Virginia Choquintel. En este evento los vecinos y vecinas podr\u00e1n ser parte de la presentaci\u00f3n del libro \u201cCentro Nacional Patag\u00f3nico\u201d (CENPAT- CONICET), con la participaci\u00f3n especial del Dr. Luis Bala.<\/p>\n<p>Adem\u00e1s, se llevar\u00e1 adelante el curso \u201cHumedales costeros y Aves playeras\u201d en el Centro de Interpretaci\u00f3n Ambiental los d\u00edas 2, 3 y 4 de octubre. El mismo ser\u00e1 dictado por el Dr. en Ciencias Naturales, Luis Bala y tendr\u00e1 como objetivo concientizar sobre la importancia de los humedales y las aves playeras en el ecosistema. Los cupos ser\u00e1n limitados con inscripciones a trav\u00e9s de https:\/\/bit.ly\/47UShLr.<\/p>\n<p>Luego, a partir del 7 de octubre y todos los lunes del mes, se realizar\u00e1n diversas propuestas en el Centro de Interpretaci\u00f3n Ambiental, de 10 a 16 horas. El primer encuentro ser\u00e1 entorno a la charla \u201cRecibiendo a las Aves Playeras\u201d, donde profesionales de distintas materias brindar\u00e1n disertaciones relacionadas a las aves que llegar\u00e1n a nuestra ciudad.<\/p>\n<p>El lunes 14 se realizar\u00e1n recorridos por los senderos interpretativos en las Reservas Naturales Urbanas, en tanto el 21 de octubre se llevar\u00e1n adelante salidas de observaci\u00f3n de aves para conocer nuestra avifauna y sus caracter\u00edsticas. Por \u00faltimo, el lunes 28, adultas y adultos mayores podr\u00e1n disfrutar de la actividad de yoga \u201cConectando con la naturaleza\u201d.<\/p>\n<p>Los interesados e interesadas en sumarse a las actividades, deber\u00e1n inscribirse a trav\u00e9s del mail centrodeinterpretacionrca@gmail.com y para recibir m\u00e1s informaci\u00f3n podr\u00e1n comunicarse al 436200 (int. 5044).<\/p>\n<p>Es de mencionar que este ciclo de actividades es organizado por la Subsecretar\u00eda de Desarrollo Econ\u00f3mico y Ambiente del Municipio, en conjunto con la empresa TotalEnergies.<\/p>\n<p>El &#8220;Festival de Aves&#8221; tiene como fin concientizar a la ciudadan\u00eda sobre el cuidado de nuestras costas y su biodiversidad, como as\u00ed tambi\u00e9n la importancia de nuestro ambiente en la ciudad.<\/p>\n<p>Google Docs (https:\/\/bit.ly\/47UShLr)<br \/>\nCurso &#8220;Humedales costeros y aves playeras&#8221;<br \/>\nBienvenidos a la inscripci\u00f3n del curso &#8220;Humedales costeros y aves playeras&#8221; dictado por el Dr. en ciencias ambientales Luis Bala que nos estar\u00e1 visitando en R\u00edo Grande, proveniente desde la ciudad de Puerto Madryn. Este curso esta destinado a aquellas personas que trabajan en el \u00e1mbito de la conservaci\u00f3n, y educaci\u00f3n ambiental.<br \/>\nD\u00edas y horarios:<br \/>\nMi\u00e9rcoles 2\/10 de 14 a 17 hs<br \/>\nJueves 3\/10 de 10 a 13 hs<br \/>\nViernes 4\/10 de 10 a 13 hs<br \/>\nLugar: Centro de Interpretaci\u00f3n Ambiental<br \/>\nSe detallan a continuaci\u00f3n los m\u00f3dulos a trabajar:<br \/>\nUnidad 1. Los Humedales<br \/>\nClasificaci\u00f3n y tipos de humedales. Los humedales y la civilizaci\u00f3n. Servicios ecosist\u00e9micos. Los humedales de la Argentina. Importancia de los humedales costeros como sustentadores de aves playeras.Caracterizaci\u00f3n del porqu\u00e9 son utilizados por las aves. Concepto de cuello de botella.<br \/>\nUnidad 2. Las aves migratorias.<br \/>\nEspecies de aves playeras. Caracterizaci\u00f3n. Migraci\u00f3n. M\u00e9todos de estudio: censado, captura, anillado, medidas morfom\u00e9tricas, obtenci\u00f3n de muestras. Patrones\u2026<\/p>\n<p><img loading=\"lazy\" decoding=\"async\" class=\"alignnone size-medium wp-image-12909\" src=\"https:\/\/hablemosclarotdf.com.ar\/wp-content\/uploads\/2024\/09\/photo_2024-09-30_15-13-23-300x200.jpg\" alt=\"\" width=\"300\" height=\"200\" srcset=\"https:\/\/hablemosclarotdf.com.ar\/wp-content\/uploads\/2024\/09\/photo_2024-09-30_15-13-23-300x200.jpg 300w, https:\/\/hablemosclarotdf.com.ar\/wp-content\/uploads\/2024\/09\/photo_2024-09-30_15-13-23-1024x682.jpg 1024w, https:\/\/hablemosclarotdf.com.ar\/wp-content\/uploads\/2024\/09\/photo_2024-09-30_15-13-23-768x512.jpg 768w, https:\/\/hablemosclarotdf.com.ar\/wp-content\/uploads\/2024\/09\/photo_2024-09-30_15-13-23.jpg 1280w\" sizes=\"auto, (max-width: 300px) 100vw, 300px\" \/> <img loading=\"lazy\" decoding=\"async\" class=\"alignnone size-medium wp-image-12910\" src=\"https:\/\/hablemosclarotdf.com.ar\/wp-content\/uploads\/2024\/09\/photo_2024-09-30_15-13-43-300x230.jpg\" alt=\"\" width=\"300\" height=\"230\" srcset=\"https:\/\/hablemosclarotdf.com.ar\/wp-content\/uploads\/2024\/09\/photo_2024-09-30_15-13-43-300x230.jpg 300w, https:\/\/hablemosclarotdf.com.ar\/wp-content\/uploads\/2024\/09\/photo_2024-09-30_15-13-43-768x590.jpg 768w, https:\/\/hablemosclarotdf.com.ar\/wp-content\/uploads\/2024\/09\/photo_2024-09-30_15-13-43.jpg 964w\" sizes=\"auto, (max-width: 300px) 100vw, 300px\" \/><\/p>\n","protected":false},"excerpt":{"rendered":"<p>En el marco de la llegada de aves playeras migratorias a R\u00edo Grande, el Municipio&#8230;<\/p>\n","protected":false},"author":1,"featured_media":12908,"comment_status":"closed","ping_status":"closed","sticky":false,"template":"","format":"standard","meta":{"footnotes":""},"categories":[3],"tags":[],"class_list":["post-12907","post","type-post","status-publish","format-standard","has-post-thumbnail","hentry","category-noticias"],"jetpack_featured_media_url":"https:\/\/hablemosclarotdf.com.ar\/wp-content\/uploads\/2024\/09\/photo_2024-09-30_15-13-19.jpg","_links":{"self":[{"href":"https:\/\/hablemosclarotdf.com.ar\/index.php?rest_route=\/wp\/v2\/posts\/12907","targetHints":{"allow":["GET"]}}],"collection":[{"href":"https:\/\/hablemosclarotdf.com.ar\/index.php?rest_route=\/wp\/v2\/posts"}],"about":[{"href":"https:\/\/hablemosclarotdf.com.ar\/index.php?rest_route=\/wp\/v2\/types\/post"}],"author":[{"embeddable":true,"href":"https:\/\/hablemosclarotdf.com.ar\/index.php?rest_route=\/wp\/v2\/users\/1"}],"replies":[{"embeddable":true,"href":"https:\/\/hablemosclarotdf.com.ar\/index.php?rest_route=%2Fwp%2Fv2%2Fcomments&post=12907"}],"version-history":[{"count":1,"href":"https:\/\/hablemosclarotdf.com.ar\/index.php?rest_route=\/wp\/v2\/posts\/12907\/revisions"}],"predecessor-version":[{"id":12911,"href":"https:\/\/hablemosclarotdf.com.ar\/index.php?rest_route=\/wp\/v2\/posts\/12907\/revisions\/12911"}],"wp:featuredmedia":[{"embeddable":true,"href":"https:\/\/hablemosclarotdf.com.ar\/index.php?rest_route=\/wp\/v2\/media\/12908"}],"wp:attachment":[{"href":"https:\/\/hablemosclarotdf.com.ar\/index.php?rest_route=%2Fwp%2Fv2%2Fmedia&parent=12907"}],"wp:term":[{"taxonomy":"category","embeddable":true,"href":"https:\/\/hablemosclarotdf.com.ar\/index.php?rest_route=%2Fwp%2Fv2%2Fcategories&post=12907"},{"taxonomy":"post_tag","embeddable":true,"href":"https:\/\/hablemosclarotdf.com.ar\/index.php?rest_route=%2Fwp%2Fv2%2Ftags&post=12907"}],"curies":[{"name":"wp","href":"https:\/\/api.w.org\/{rel}","templated":true}]}}