{"id":12885,"date":"2024-09-30T14:55:29","date_gmt":"2024-09-30T17:55:29","guid":{"rendered":"https:\/\/hablemosclarotdf.com.ar\/?p=12885"},"modified":"2024-09-30T14:55:29","modified_gmt":"2024-09-30T17:55:29","slug":"se-extiende-la-presentacion-de-ponencias-para-el-7-congreso-internacional-de-educacion-e-inclusion-desde-el-sur","status":"publish","type":"post","link":"https:\/\/hablemosclarotdf.com.ar\/?p=12885","title":{"rendered":"SE EXTIENDE LA PRESENTACI\u00d3N DE PONENCIAS PARA EL 7\u00b0 CONGRESO INTERNACIONAL DE EDUCACI\u00d3N E INCLUSI\u00d3N DESDE EL SUR"},"content":{"rendered":"<p>El Ministerio de Educaci\u00f3n de la provincia extendi\u00f3 hasta el martes 8 de octubre el periodo de presentaci\u00f3n de ponencias para el 7\u00b0 Congreso Internacional de Educaci\u00f3n e Inclusi\u00f3n desde el Sur 2024.<\/p>\n<p>Las ponencias pueden abarcar proyectos institucionales, curriculares, did\u00e1cticos que aborden diversos desaf\u00edos referidos a la tem\u00e1tica de la gesti\u00f3n de la ense\u00f1anza, pudiendo enmarcarse las mismas, dentro de alguno de los siguientes ejes tem\u00e1ticos:<\/p>\n<p>1.- Experiencias de innovaci\u00f3n en torno a la ense\u00f1anza escolar \/ Experiencias de innovaci\u00f3n en los modos de organizaci\u00f3n de agrupamientos, espacios y tiempos.<br \/>\n2.- La Educaci\u00f3n inclusiva: experiencias de acompa\u00f1amiento a trayectorias educativas diversas.<br \/>\n3.- Ense\u00f1ar y Aprender: procesos de acompa\u00f1amiento a la alfabetizaci\u00f3n escolar.<br \/>\n4.- Experiencias de trabajo transversal que han incidido en mejoras de procesos de ense\u00f1anza y\/o de aprendizajes.<br \/>\n5.- Propuestas de abordaje en relaci\u00f3n con la gesti\u00f3n de la convivencia escolar y los buenos tratos.<\/p>\n<p>Se recuerda que los Institutos Provinciales de Educaci\u00f3n Superior (IPES) de R\u00edo Grande y Ushuaia, contin\u00faan brindando asesor\u00edas para la realizaci\u00f3n de las ponencias. Por consultas, tambi\u00e9n podr\u00e1n escribir al correo electr\u00f3nico ponencias7congreso@tdf.edu.ar<\/p>\n<p>Para presentar las ponencias, deber\u00e1n ingresar al link<\/p>\n<p>https:\/\/findelmundo.gob.ar\/ponenciascongresoeducacion\/<\/p>\n<p>El 7\u00b0 Congreso Internacional de Educaci\u00f3n e Inclusi\u00f3n desde el Sur se desarrollar\u00e1 el 16 de noviembre de manera online, con la presencia de los conferencistas Liliana Sanjurjo y Andrew Hargreaves, figuras destacadas de la educaci\u00f3n tanto a nivel nacional como internacional.<\/p>\n","protected":false},"excerpt":{"rendered":"<p>El Ministerio de Educaci\u00f3n de la provincia extendi\u00f3 hasta el martes 8 de octubre el&#8230;<\/p>\n","protected":false},"author":1,"featured_media":12887,"comment_status":"closed","ping_status":"closed","sticky":false,"template":"","format":"standard","meta":{"footnotes":""},"categories":[3],"tags":[],"class_list":["post-12885","post","type-post","status-publish","format-standard","has-post-thumbnail","hentry","category-noticias"],"jetpack_featured_media_url":"https:\/\/hablemosclarotdf.com.ar\/wp-content\/uploads\/2024\/09\/photo_2024-09-30_14-54-22-1.jpg","_links":{"self":[{"href":"https:\/\/hablemosclarotdf.com.ar\/index.php?rest_route=\/wp\/v2\/posts\/12885","targetHints":{"allow":["GET"]}}],"collection":[{"href":"https:\/\/hablemosclarotdf.com.ar\/index.php?rest_route=\/wp\/v2\/posts"}],"about":[{"href":"https:\/\/hablemosclarotdf.com.ar\/index.php?rest_route=\/wp\/v2\/types\/post"}],"author":[{"embeddable":true,"href":"https:\/\/hablemosclarotdf.com.ar\/index.php?rest_route=\/wp\/v2\/users\/1"}],"replies":[{"embeddable":true,"href":"https:\/\/hablemosclarotdf.com.ar\/index.php?rest_route=%2Fwp%2Fv2%2Fcomments&post=12885"}],"version-history":[{"count":1,"href":"https:\/\/hablemosclarotdf.com.ar\/index.php?rest_route=\/wp\/v2\/posts\/12885\/revisions"}],"predecessor-version":[{"id":12888,"href":"https:\/\/hablemosclarotdf.com.ar\/index.php?rest_route=\/wp\/v2\/posts\/12885\/revisions\/12888"}],"wp:featuredmedia":[{"embeddable":true,"href":"https:\/\/hablemosclarotdf.com.ar\/index.php?rest_route=\/wp\/v2\/media\/12887"}],"wp:attachment":[{"href":"https:\/\/hablemosclarotdf.com.ar\/index.php?rest_route=%2Fwp%2Fv2%2Fmedia&parent=12885"}],"wp:term":[{"taxonomy":"category","embeddable":true,"href":"https:\/\/hablemosclarotdf.com.ar\/index.php?rest_route=%2Fwp%2Fv2%2Fcategories&post=12885"},{"taxonomy":"post_tag","embeddable":true,"href":"https:\/\/hablemosclarotdf.com.ar\/index.php?rest_route=%2Fwp%2Fv2%2Ftags&post=12885"}],"curies":[{"name":"wp","href":"https:\/\/api.w.org\/{rel}","templated":true}]}}