{"id":12882,"date":"2024-09-30T14:52:36","date_gmt":"2024-09-30T17:52:36","guid":{"rendered":"https:\/\/hablemosclarotdf.com.ar\/?p=12882"},"modified":"2024-09-30T14:52:36","modified_gmt":"2024-09-30T17:52:36","slug":"cultura-tdf-el-mfa-invita-a-artistas-a-participar-del-ninitober","status":"publish","type":"post","link":"https:\/\/hablemosclarotdf.com.ar\/?p=12882","title":{"rendered":"CULTURA TDF: EL MFA INVITA A ARTISTAS A PARTICIPAR DEL #NINITOBER"},"content":{"rendered":"<p>La Secretar\u00eda de Cultura provincial, a trav\u00e9s del Museo Fueguino de Arte, invita a artistas interesados a participar del #NiniTober, desaf\u00edo basado en el tradicional concurso anual de dibujo Inktober que se realiza todos los a\u00f1os en todo el mundo.<\/p>\n<p>El desaf\u00edo consiste en crear un dibujo por cada d\u00eda del mes a partir del 1 de octubre en base a un listado de palabras y utilizando materiales a base de tinta. Los participantes deben subir los dibujos, uno por d\u00eda, a sus propias redes sociales con el hashtag #ninitober.<\/p>\n<p>Sobre esto, el subsecretario de Cultura, Lucas Tolaba, cont\u00f3 que \u201cas\u00ed como se acostumbra todos los octubres a realizar el Inktober en el marco del Mes de la Tinta, este a\u00f1o queremos sumarnos desde el Museo Fueguino de Arte \u2018Nini Bernardello\u2019 e invitar a todos los artistas de la provincia a que se sumen a la lista de dibujo de nuestro propio Mes de la Tinta, que tiene relaci\u00f3n en este caso con la colecci\u00f3n provincial de arte\u201d.<\/p>\n<p>\u201cPueden participar de esta iniciativa a trav\u00e9s de las redes, con el hashtag #ninitober y formar parte de esta acci\u00f3n virtual\u201d, agreg\u00f3.<\/p>\n<p>Finalmente, indic\u00f3 que \u201cpara acceder al listado de los dibujos que se proponen para este mes se deben dirigir al canal de Whatsapp que tiene el Museo<\/p>\n<p>https:\/\/whatsapp.com\/channel\/0029VaSMEvMISTkOs7VX291E<\/p>\n<p>donde tambi\u00e9n van a poder ver las creaciones del resto de los artistas que se sumen\u201d.<\/p>\n","protected":false},"excerpt":{"rendered":"<p>La Secretar\u00eda de Cultura provincial, a trav\u00e9s del Museo Fueguino de Arte, invita a artistas&#8230;<\/p>\n","protected":false},"author":1,"featured_media":12883,"comment_status":"closed","ping_status":"closed","sticky":false,"template":"","format":"standard","meta":{"footnotes":""},"categories":[3],"tags":[],"class_list":["post-12882","post","type-post","status-publish","format-standard","has-post-thumbnail","hentry","category-noticias"],"jetpack_featured_media_url":"https:\/\/hablemosclarotdf.com.ar\/wp-content\/uploads\/2024\/09\/photo_2024-09-30_14-52-16.jpg","_links":{"self":[{"href":"https:\/\/hablemosclarotdf.com.ar\/index.php?rest_route=\/wp\/v2\/posts\/12882","targetHints":{"allow":["GET"]}}],"collection":[{"href":"https:\/\/hablemosclarotdf.com.ar\/index.php?rest_route=\/wp\/v2\/posts"}],"about":[{"href":"https:\/\/hablemosclarotdf.com.ar\/index.php?rest_route=\/wp\/v2\/types\/post"}],"author":[{"embeddable":true,"href":"https:\/\/hablemosclarotdf.com.ar\/index.php?rest_route=\/wp\/v2\/users\/1"}],"replies":[{"embeddable":true,"href":"https:\/\/hablemosclarotdf.com.ar\/index.php?rest_route=%2Fwp%2Fv2%2Fcomments&post=12882"}],"version-history":[{"count":1,"href":"https:\/\/hablemosclarotdf.com.ar\/index.php?rest_route=\/wp\/v2\/posts\/12882\/revisions"}],"predecessor-version":[{"id":12884,"href":"https:\/\/hablemosclarotdf.com.ar\/index.php?rest_route=\/wp\/v2\/posts\/12882\/revisions\/12884"}],"wp:featuredmedia":[{"embeddable":true,"href":"https:\/\/hablemosclarotdf.com.ar\/index.php?rest_route=\/wp\/v2\/media\/12883"}],"wp:attachment":[{"href":"https:\/\/hablemosclarotdf.com.ar\/index.php?rest_route=%2Fwp%2Fv2%2Fmedia&parent=12882"}],"wp:term":[{"taxonomy":"category","embeddable":true,"href":"https:\/\/hablemosclarotdf.com.ar\/index.php?rest_route=%2Fwp%2Fv2%2Fcategories&post=12882"},{"taxonomy":"post_tag","embeddable":true,"href":"https:\/\/hablemosclarotdf.com.ar\/index.php?rest_route=%2Fwp%2Fv2%2Ftags&post=12882"}],"curies":[{"name":"wp","href":"https:\/\/api.w.org\/{rel}","templated":true}]}}