{"id":10243,"date":"2024-09-04T13:43:55","date_gmt":"2024-09-04T16:43:55","guid":{"rendered":"https:\/\/hablemosclarotdf.com.ar\/?p=10243"},"modified":"2024-09-04T13:43:55","modified_gmt":"2024-09-04T16:43:55","slug":"blanco-presento-proyecto-de-ley-para-crear-una-comision-bicameral-especial-investigadora-sobre-la-gestion-de-la-pandemia-del-covid-19","status":"publish","type":"post","link":"https:\/\/hablemosclarotdf.com.ar\/?p=10243","title":{"rendered":"BLANCO PRESENT\u00d3 PROYECTO DE LEY PARA CREAR UNA COMISI\u00d3N BICAMERAL ESPECIAL INVESTIGADORA SOBRE LA GESTI\u00d3N DE LA PANDEMIA DEL COVID 19"},"content":{"rendered":"<p><strong>SENADOR BLANCO PRESENT\u00d3 PROYECTO DE LEY PARA CREAR UNA COMISI\u00d3N BICAMERAL ESPECIAL INVESTIGADORA SOBRE LA GESTI\u00d3N DE LA PANDEMIA DEL COVID 19 POR PARTE DEL GOBIERNO DE ALBERTO FERN\u00c1NDEZ<\/strong><\/p>\n<p>Mi\u00e9rcoles 04 de septiembre. El Senador Nacional por Tierra del Fuego, Pablo Daniel Blanco present\u00f3 un proyecto de ley para crear en el \u00e1mbito del Congreso de la Naci\u00f3n la Comisi\u00f3n Bicameral Especial Investigadora sobre la gesti\u00f3n de la pandemia del COVID 19 por parte del Gobierno Nacional a cargo del Presidente Alberto Fern\u00e1ndez.<\/p>\n<p>Blanco explica que: \u201cla Comisi\u00f3n tendr\u00e1 como principal objetivo analizar y verificar la existencia de irregularidades en las decisiones adoptadas por todas las \u00e1reas del gabinete de gobierno y estar\u00e1 integrada por seis (6) diputados nacionales y seis (6) senadores nacionales, designados por los presidentes de cada c\u00e1mara, respectivamente, respetando la pluralidad de la representaci\u00f3n de ambas c\u00e1maras. La misma tendr\u00e1 un (1) presidente y un (1) vicepresidente, los cuales ser\u00e1n elegidos por la comisi\u00f3n.<\/p>\n<p>\u201cD\u00edas pasados el ex Ministro de Econom\u00eda Mart\u00edn Guzm\u00e1n habl\u00f3 sobre la cuarentena por la pandemia del Covid-19, que se dispuso durante la gesti\u00f3n de Alberto Fern\u00e1ndez, y afirm\u00f3 que se extendi\u00f3 m\u00e1s de lo que deber\u00eda para sacar un r\u00e9dito pol\u00edtico. Lo hizo durante una entrevista con el portal Cenital\u201d.<\/p>\n<p>\u201cNo sorprenden en lo m\u00e1s m\u00ednimo los dichos de Guzm\u00e1n, pero la confirmaci\u00f3n expresa de alguien que fue parte del gobierno es escandalosa e impactante. Mas de 230 d\u00edas de aislamiento, 130 mil muertos, 92 personas v\u00edctimas de violencia estatal, ciudadanos que no pudieron despedir a sus seres queridos, fiestas en Olivos y visitas vip a la casa de Gobierno, una econom\u00eda devastada y un presidente hip\u00f3crita que nos dec\u00eda. \u201cA los idiotas les digo lo mismo que vengo diciendo hace mucho tiempo, la Argentina de los vivos que se zarpan y pasan por sobre los bobos, se termin\u00f3. Se termin\u00f3. Ac\u00e1 estamos hablando de la salud de la gente. No voy a permitir que hagan lo que quieran. Si lo entienden por las buenas, me encanta. Si no me han dado el poder para que lo entiendan por las malas. Y en democracia, entenderla por las malas es que terminen frente a un juez explicando lo que hicieron\u201d, fustig\u00f3 el senador radical.<\/p>\n<p>\u201cPor eso es imperativo que este Congreso se avoque a determinar las responsabilidades pol\u00edticas, identifica a los responsables y haga las denuncias de rigor\u201d, finaliz\u00f3 el senador fueguino.<\/p>\n","protected":false},"excerpt":{"rendered":"<p>SENADOR BLANCO PRESENT\u00d3 PROYECTO DE LEY PARA CREAR UNA COMISI\u00d3N BICAMERAL ESPECIAL INVESTIGADORA SOBRE LA&#8230;<\/p>\n","protected":false},"author":1,"featured_media":10244,"comment_status":"closed","ping_status":"closed","sticky":false,"template":"","format":"standard","meta":{"footnotes":""},"categories":[3],"tags":[],"class_list":["post-10243","post","type-post","status-publish","format-standard","has-post-thumbnail","hentry","category-noticias"],"jetpack_featured_media_url":"https:\/\/hablemosclarotdf.com.ar\/wp-content\/uploads\/2024\/09\/images.jpg","_links":{"self":[{"href":"https:\/\/hablemosclarotdf.com.ar\/index.php?rest_route=\/wp\/v2\/posts\/10243","targetHints":{"allow":["GET"]}}],"collection":[{"href":"https:\/\/hablemosclarotdf.com.ar\/index.php?rest_route=\/wp\/v2\/posts"}],"about":[{"href":"https:\/\/hablemosclarotdf.com.ar\/index.php?rest_route=\/wp\/v2\/types\/post"}],"author":[{"embeddable":true,"href":"https:\/\/hablemosclarotdf.com.ar\/index.php?rest_route=\/wp\/v2\/users\/1"}],"replies":[{"embeddable":true,"href":"https:\/\/hablemosclarotdf.com.ar\/index.php?rest_route=%2Fwp%2Fv2%2Fcomments&post=10243"}],"version-history":[{"count":1,"href":"https:\/\/hablemosclarotdf.com.ar\/index.php?rest_route=\/wp\/v2\/posts\/10243\/revisions"}],"predecessor-version":[{"id":10245,"href":"https:\/\/hablemosclarotdf.com.ar\/index.php?rest_route=\/wp\/v2\/posts\/10243\/revisions\/10245"}],"wp:featuredmedia":[{"embeddable":true,"href":"https:\/\/hablemosclarotdf.com.ar\/index.php?rest_route=\/wp\/v2\/media\/10244"}],"wp:attachment":[{"href":"https:\/\/hablemosclarotdf.com.ar\/index.php?rest_route=%2Fwp%2Fv2%2Fmedia&parent=10243"}],"wp:term":[{"taxonomy":"category","embeddable":true,"href":"https:\/\/hablemosclarotdf.com.ar\/index.php?rest_route=%2Fwp%2Fv2%2Fcategories&post=10243"},{"taxonomy":"post_tag","embeddable":true,"href":"https:\/\/hablemosclarotdf.com.ar\/index.php?rest_route=%2Fwp%2Fv2%2Ftags&post=10243"}],"curies":[{"name":"wp","href":"https:\/\/api.w.org\/{rel}","templated":true}]}}